{"id":462,"date":"2026-03-14T09:11:28","date_gmt":"2026-03-14T09:11:28","guid":{"rendered":"https:\/\/telehaz.org\/?p=462"},"modified":"2026-03-14T09:11:28","modified_gmt":"2026-03-14T09:11:28","slug":"a-telehaz-is-meg-lett-tisztelve-reszvetellel-a-hetvegi-magyar-iskolak-talalkozojan","status":"publish","type":"post","link":"https:\/\/telehaz.org\/mk\/a-telehaz-is-meg-lett-tisztelve-reszvetellel-a-hetvegi-magyar-iskolak-talalkozojan\/","title":{"rendered":"\u0422\u0435\u043b\u0435\u0445\u0430\u0437 \u0431\u0435\u0448\u0435 \u043f\u043e\u0447\u0435\u0441\u0442\u0435\u043d \u0438 \u0441\u043e \u0443\u0447\u0435\u0441\u0442\u0432\u043e\u0442\u043e \u043d\u0430 \u0432\u0438\u043a\u0435\u043d\u0434-\u0441\u0440\u0435\u0434\u0431\u0430\u0442\u0430 \u043d\u0430 \u0443\u043d\u0433\u0430\u0440\u0441\u043a\u0438\u0442\u0435 \u0443\u0447\u0438\u043b\u0438\u0448\u0442\u0430."},"content":{"rendered":"<p>\u0422\u0435\u043b\u0435\u0445\u0430\u0437 \u0438\u0441\u0442\u043e \u0442\u0430\u043a\u0430 \u0438\u043c\u0430\u0448\u0435 \u0447\u0435\u0441\u0442 \u0434\u0430 \u0443\u0447\u0435\u0441\u0442\u0432\u0443\u0432\u0430 \u043d\u0430 \u0432\u0438\u043a\u0435\u043d\u0434 \u0441\u0440\u0435\u0434\u0431\u0430\u0442\u0430 \u043d\u0430 \u0443\u043d\u0433\u0430\u0440\u0441\u043a\u0438\u0442\u0435 \u0443\u0447\u0438\u043b\u0438\u0448\u0442\u0430. \u041d\u0430\u0443\u0447\u0438\u0432\u043c\u0435 \u043c\u043d\u043e\u0433\u0443 \u0438 \u0431\u0435\u0448\u0435 \u0443\u0431\u0430\u0432\u043e \u043f\u043e\u0432\u0442\u043e\u0440\u043d\u043e \u0434\u0430 \u0441\u0435 \u0441\u043f\u0440\u0438\u0458\u0430\u0442\u0435\u043b\u0438\u043c\u0435 \u0441\u043e \u043d\u0430\u0448\u0438\u0442\u0435 \u0431\u0440\u0430\u045c\u0430 \u0438 \u0441\u0435\u0441\u0442\u0440\u0438 \u043e\u0434 \u0446\u0435\u043b\u0438\u043e\u0442 \u0441\u0432\u0435\u0442.<\/p>","protected":false},"excerpt":{"rendered":"<p>A Teleh\u00e1z is meg lett tisztelve r\u00e9szv\u00e9tellel a H\u00e9tv\u00e9gi Magyar Iskol\u00e1k Tal\u00e1lkoz\u00f3j\u00e1n. Sokat tanultunk \u00e9s j\u00f3 volt ism\u00e9t bar\u00e1tkozni testv\u00e9reinkkel.<\/p>","protected":false},"author":1,"featured_media":364,"comment_status":"open","ping_status":"open","sticky":false,"template":"","format":"standard","meta":{"_monsterinsights_skip_tracking":false,"_monsterinsights_sitenote_active":false,"_monsterinsights_sitenote_note":"","_monsterinsights_sitenote_category":0,"footnotes":""},"categories":[1],"tags":[],"class_list":["post-462","post","type-post","status-publish","format-standard","has-post-thumbnail","hentry","category-uncategorized"],"yoast_head":"<!-- This site is optimized with the Yoast SEO plugin v27.1.1 - https:\/\/yoast.com\/product\/yoast-seo-wordpress\/ -->\n<title>A Teleh\u00e1z is meg lett tisztelve r\u00e9szv\u00e9tellel a H\u00e9tv\u00e9gi Magyar Iskol\u00e1k Tal\u00e1lkoz\u00f3j\u00e1n. - telehaz<\/title>\n<meta name=\"robots\" content=\"index, follow, max-snippet:-1, max-image-preview:large, max-video-preview:-1\" \/>\n<link rel=\"canonical\" href=\"https:\/\/telehaz.org\/mk\/a-telehaz-is-meg-lett-tisztelve-reszvetellel-a-hetvegi-magyar-iskolak-talalkozojan\/\" \/>\n<meta property=\"og:locale\" content=\"mk_MK\" \/>\n<meta property=\"og:type\" content=\"article\" \/>\n<meta property=\"og:title\" content=\"A Teleh\u00e1z is meg lett tisztelve r\u00e9szv\u00e9tellel a H\u00e9tv\u00e9gi Magyar Iskol\u00e1k Tal\u00e1lkoz\u00f3j\u00e1n. - telehaz\" \/>\n<meta property=\"og:description\" content=\"A Teleh\u00e1z is meg lett tisztelve r\u00e9szv\u00e9tellel a H\u00e9tv\u00e9gi Magyar Iskol\u00e1k Tal\u00e1lkoz\u00f3j\u00e1n. Sokat tanultunk \u00e9s j\u00f3 volt ism\u00e9t bar\u00e1tkozni testv\u00e9reinkkel.\" \/>\n<meta property=\"og:url\" content=\"https:\/\/telehaz.org\/mk\/a-telehaz-is-meg-lett-tisztelve-reszvetellel-a-hetvegi-magyar-iskolak-talalkozojan\/\" \/>\n<meta property=\"og:site_name\" content=\"telehaz\" \/>\n<meta property=\"article:published_time\" content=\"2026-03-14T09:11:28+00:00\" \/>\n<meta property=\"og:image\" content=\"https:\/\/telehaz.org\/wp-content\/uploads\/2024\/12\/823ccf47-31ea-4da0-87ea-21e3616a1615.jpg\" \/>\n\t<meta property=\"og:image:width\" content=\"1200\" \/>\n\t<meta property=\"og:image:height\" content=\"1600\" \/>\n\t<meta property=\"og:image:type\" content=\"image\/jpeg\" \/>\n<meta name=\"author\" content=\"admin\" \/>\n<meta name=\"twitter:card\" content=\"summary_large_image\" \/>\n<meta name=\"twitter:label1\" content=\"Written by\" \/>\n\t<meta name=\"twitter:data1\" content=\"admin\" \/>\n\t<meta name=\"twitter:label2\" content=\"Est. reading time\" \/>\n\t<meta name=\"twitter:data2\" content=\"1 \u043c\u0438\u043d\u0443\u0442\u0430\" \/>\n<script type=\"application\/ld+json\" class=\"yoast-schema-graph\">{\"@context\":\"https:\/\/schema.org\",\"@graph\":[{\"@type\":\"Article\",\"@id\":\"https:\/\/telehaz.org\/a-telehaz-is-meg-lett-tisztelve-reszvetellel-a-hetvegi-magyar-iskolak-talalkozojan\/#article\",\"isPartOf\":{\"@id\":\"https:\/\/telehaz.org\/a-telehaz-is-meg-lett-tisztelve-reszvetellel-a-hetvegi-magyar-iskolak-talalkozojan\/\"},\"author\":{\"name\":\"admin\",\"@id\":\"https:\/\/telehaz.org\/#\/schema\/person\/dfd50c698a822483e0f049221f1bee57\"},\"headline\":\"A Teleh\u00e1z is meg lett tisztelve r\u00e9szv\u00e9tellel a H\u00e9tv\u00e9gi Magyar Iskol\u00e1k Tal\u00e1lkoz\u00f3j\u00e1n.\",\"datePublished\":\"2026-03-14T09:11:28+00:00\",\"mainEntityOfPage\":{\"@id\":\"https:\/\/telehaz.org\/a-telehaz-is-meg-lett-tisztelve-reszvetellel-a-hetvegi-magyar-iskolak-talalkozojan\/\"},\"wordCount\":59,\"commentCount\":0,\"publisher\":{\"@id\":\"https:\/\/telehaz.org\/#organization\"},\"image\":{\"@id\":\"https:\/\/telehaz.org\/a-telehaz-is-meg-lett-tisztelve-reszvetellel-a-hetvegi-magyar-iskolak-talalkozojan\/#primaryimage\"},\"thumbnailUrl\":\"https:\/\/telehaz.org\/wp-content\/uploads\/2024\/12\/823ccf47-31ea-4da0-87ea-21e3616a1615.jpg\",\"articleSection\":[\"Uncategorized\"],\"inLanguage\":\"mk-MK\",\"potentialAction\":[{\"@type\":\"CommentAction\",\"name\":\"Comment\",\"target\":[\"https:\/\/telehaz.org\/a-telehaz-is-meg-lett-tisztelve-reszvetellel-a-hetvegi-magyar-iskolak-talalkozojan\/#respond\"]}]},{\"@type\":\"WebPage\",\"@id\":\"https:\/\/telehaz.org\/a-telehaz-is-meg-lett-tisztelve-reszvetellel-a-hetvegi-magyar-iskolak-talalkozojan\/\",\"url\":\"https:\/\/telehaz.org\/a-telehaz-is-meg-lett-tisztelve-reszvetellel-a-hetvegi-magyar-iskolak-talalkozojan\/\",\"name\":\"A Teleh\u00e1z is meg lett tisztelve r\u00e9szv\u00e9tellel a H\u00e9tv\u00e9gi Magyar Iskol\u00e1k Tal\u00e1lkoz\u00f3j\u00e1n. - telehaz\",\"isPartOf\":{\"@id\":\"https:\/\/telehaz.org\/#website\"},\"primaryImageOfPage\":{\"@id\":\"https:\/\/telehaz.org\/a-telehaz-is-meg-lett-tisztelve-reszvetellel-a-hetvegi-magyar-iskolak-talalkozojan\/#primaryimage\"},\"image\":{\"@id\":\"https:\/\/telehaz.org\/a-telehaz-is-meg-lett-tisztelve-reszvetellel-a-hetvegi-magyar-iskolak-talalkozojan\/#primaryimage\"},\"thumbnailUrl\":\"https:\/\/telehaz.org\/wp-content\/uploads\/2024\/12\/823ccf47-31ea-4da0-87ea-21e3616a1615.jpg\",\"datePublished\":\"2026-03-14T09:11:28+00:00\",\"breadcrumb\":{\"@id\":\"https:\/\/telehaz.org\/a-telehaz-is-meg-lett-tisztelve-reszvetellel-a-hetvegi-magyar-iskolak-talalkozojan\/#breadcrumb\"},\"inLanguage\":\"mk-MK\",\"potentialAction\":[{\"@type\":\"ReadAction\",\"target\":[\"https:\/\/telehaz.org\/a-telehaz-is-meg-lett-tisztelve-reszvetellel-a-hetvegi-magyar-iskolak-talalkozojan\/\"]}]},{\"@type\":\"ImageObject\",\"inLanguage\":\"mk-MK\",\"@id\":\"https:\/\/telehaz.org\/a-telehaz-is-meg-lett-tisztelve-reszvetellel-a-hetvegi-magyar-iskolak-talalkozojan\/#primaryimage\",\"url\":\"https:\/\/telehaz.org\/wp-content\/uploads\/2024\/12\/823ccf47-31ea-4da0-87ea-21e3616a1615.jpg\",\"contentUrl\":\"https:\/\/telehaz.org\/wp-content\/uploads\/2024\/12\/823ccf47-31ea-4da0-87ea-21e3616a1615.jpg\",\"width\":1200,\"height\":1600},{\"@type\":\"BreadcrumbList\",\"@id\":\"https:\/\/telehaz.org\/a-telehaz-is-meg-lett-tisztelve-reszvetellel-a-hetvegi-magyar-iskolak-talalkozojan\/#breadcrumb\",\"itemListElement\":[{\"@type\":\"ListItem\",\"position\":1,\"name\":\"Home\",\"item\":\"https:\/\/telehaz.org\/\"},{\"@type\":\"ListItem\",\"position\":2,\"name\":\"A Teleh\u00e1z is meg lett tisztelve r\u00e9szv\u00e9tellel a H\u00e9tv\u00e9gi Magyar Iskol\u00e1k Tal\u00e1lkoz\u00f3j\u00e1n.\"}]},{\"@type\":\"WebSite\",\"@id\":\"https:\/\/telehaz.org\/#website\",\"url\":\"https:\/\/telehaz.org\/\",\"name\":\"telehaz\",\"description\":\"\",\"publisher\":{\"@id\":\"https:\/\/telehaz.org\/#organization\"},\"potentialAction\":[{\"@type\":\"SearchAction\",\"target\":{\"@type\":\"EntryPoint\",\"urlTemplate\":\"https:\/\/telehaz.org\/?s={search_term_string}\"},\"query-input\":{\"@type\":\"PropertyValueSpecification\",\"valueRequired\":true,\"valueName\":\"search_term_string\"}}],\"inLanguage\":\"mk-MK\"},{\"@type\":\"Organization\",\"@id\":\"https:\/\/telehaz.org\/#organization\",\"name\":\"telehaz\",\"url\":\"https:\/\/telehaz.org\/\",\"logo\":{\"@type\":\"ImageObject\",\"inLanguage\":\"mk-MK\",\"@id\":\"https:\/\/telehaz.org\/#\/schema\/logo\/image\/\",\"url\":\"https:\/\/telehaz.org\/wp-content\/uploads\/2026\/03\/cropped-cropped-485774272_1126253836207625_3465147681560552661_n.png\",\"contentUrl\":\"https:\/\/telehaz.org\/wp-content\/uploads\/2026\/03\/cropped-cropped-485774272_1126253836207625_3465147681560552661_n.png\",\"width\":999,\"height\":572,\"caption\":\"telehaz\"},\"image\":{\"@id\":\"https:\/\/telehaz.org\/#\/schema\/logo\/image\/\"}},{\"@type\":\"Person\",\"@id\":\"https:\/\/telehaz.org\/#\/schema\/person\/dfd50c698a822483e0f049221f1bee57\",\"name\":\"admin\",\"image\":{\"@type\":\"ImageObject\",\"inLanguage\":\"mk-MK\",\"@id\":\"https:\/\/telehaz.org\/#\/schema\/person\/image\/\",\"url\":\"https:\/\/secure.gravatar.com\/avatar\/227210610a467f0e06ab164fc3f27aa6ca723f833203492642da735c56ef12d4?s=96&d=mm&r=g\",\"contentUrl\":\"https:\/\/secure.gravatar.com\/avatar\/227210610a467f0e06ab164fc3f27aa6ca723f833203492642da735c56ef12d4?s=96&d=mm&r=g\",\"caption\":\"admin\"},\"sameAs\":[\"https:\/\/telehaz.org\"],\"url\":\"https:\/\/telehaz.org\/mk\/author\/admin\/\"}]}<\/script>\n<!-- \/ Yoast SEO plugin. -->","yoast_head_json":{"title":"A Teleh\u00e1z is meg lett tisztelve r\u00e9szv\u00e9tellel a H\u00e9tv\u00e9gi Magyar Iskol\u00e1k Tal\u00e1lkoz\u00f3j\u00e1n. - telehaz","robots":{"index":"index","follow":"follow","max-snippet":"max-snippet:-1","max-image-preview":"max-image-preview:large","max-video-preview":"max-video-preview:-1"},"canonical":"https:\/\/telehaz.org\/mk\/a-telehaz-is-meg-lett-tisztelve-reszvetellel-a-hetvegi-magyar-iskolak-talalkozojan\/","og_locale":"mk_MK","og_type":"article","og_title":"A Teleh\u00e1z is meg lett tisztelve r\u00e9szv\u00e9tellel a H\u00e9tv\u00e9gi Magyar Iskol\u00e1k Tal\u00e1lkoz\u00f3j\u00e1n. - telehaz","og_description":"A Teleh\u00e1z is meg lett tisztelve r\u00e9szv\u00e9tellel a H\u00e9tv\u00e9gi Magyar Iskol\u00e1k Tal\u00e1lkoz\u00f3j\u00e1n. Sokat tanultunk \u00e9s j\u00f3 volt ism\u00e9t bar\u00e1tkozni testv\u00e9reinkkel.","og_url":"https:\/\/telehaz.org\/mk\/a-telehaz-is-meg-lett-tisztelve-reszvetellel-a-hetvegi-magyar-iskolak-talalkozojan\/","og_site_name":"telehaz","article_published_time":"2026-03-14T09:11:28+00:00","og_image":[{"width":1200,"height":1600,"url":"https:\/\/telehaz.org\/wp-content\/uploads\/2024\/12\/823ccf47-31ea-4da0-87ea-21e3616a1615.jpg","type":"image\/jpeg"}],"author":"admin","twitter_card":"summary_large_image","twitter_misc":{"Written by":"admin","Est. reading time":"1 \u043c\u0438\u043d\u0443\u0442\u0430"},"schema":{"@context":"https:\/\/schema.org","@graph":[{"@type":"Article","@id":"https:\/\/telehaz.org\/a-telehaz-is-meg-lett-tisztelve-reszvetellel-a-hetvegi-magyar-iskolak-talalkozojan\/#article","isPartOf":{"@id":"https:\/\/telehaz.org\/a-telehaz-is-meg-lett-tisztelve-reszvetellel-a-hetvegi-magyar-iskolak-talalkozojan\/"},"author":{"name":"admin","@id":"https:\/\/telehaz.org\/#\/schema\/person\/dfd50c698a822483e0f049221f1bee57"},"headline":"A Teleh\u00e1z is meg lett tisztelve r\u00e9szv\u00e9tellel a H\u00e9tv\u00e9gi Magyar Iskol\u00e1k Tal\u00e1lkoz\u00f3j\u00e1n.","datePublished":"2026-03-14T09:11:28+00:00","mainEntityOfPage":{"@id":"https:\/\/telehaz.org\/a-telehaz-is-meg-lett-tisztelve-reszvetellel-a-hetvegi-magyar-iskolak-talalkozojan\/"},"wordCount":59,"commentCount":0,"publisher":{"@id":"https:\/\/telehaz.org\/#organization"},"image":{"@id":"https:\/\/telehaz.org\/a-telehaz-is-meg-lett-tisztelve-reszvetellel-a-hetvegi-magyar-iskolak-talalkozojan\/#primaryimage"},"thumbnailUrl":"https:\/\/telehaz.org\/wp-content\/uploads\/2024\/12\/823ccf47-31ea-4da0-87ea-21e3616a1615.jpg","articleSection":["Uncategorized"],"inLanguage":"mk-MK","potentialAction":[{"@type":"CommentAction","name":"Comment","target":["https:\/\/telehaz.org\/a-telehaz-is-meg-lett-tisztelve-reszvetellel-a-hetvegi-magyar-iskolak-talalkozojan\/#respond"]}]},{"@type":"WebPage","@id":"https:\/\/telehaz.org\/a-telehaz-is-meg-lett-tisztelve-reszvetellel-a-hetvegi-magyar-iskolak-talalkozojan\/","url":"https:\/\/telehaz.org\/a-telehaz-is-meg-lett-tisztelve-reszvetellel-a-hetvegi-magyar-iskolak-talalkozojan\/","name":"A Teleh\u00e1z is meg lett tisztelve r\u00e9szv\u00e9tellel a H\u00e9tv\u00e9gi Magyar Iskol\u00e1k Tal\u00e1lkoz\u00f3j\u00e1n. - telehaz","isPartOf":{"@id":"https:\/\/telehaz.org\/#website"},"primaryImageOfPage":{"@id":"https:\/\/telehaz.org\/a-telehaz-is-meg-lett-tisztelve-reszvetellel-a-hetvegi-magyar-iskolak-talalkozojan\/#primaryimage"},"image":{"@id":"https:\/\/telehaz.org\/a-telehaz-is-meg-lett-tisztelve-reszvetellel-a-hetvegi-magyar-iskolak-talalkozojan\/#primaryimage"},"thumbnailUrl":"https:\/\/telehaz.org\/wp-content\/uploads\/2024\/12\/823ccf47-31ea-4da0-87ea-21e3616a1615.jpg","datePublished":"2026-03-14T09:11:28+00:00","breadcrumb":{"@id":"https:\/\/telehaz.org\/a-telehaz-is-meg-lett-tisztelve-reszvetellel-a-hetvegi-magyar-iskolak-talalkozojan\/#breadcrumb"},"inLanguage":"mk-MK","potentialAction":[{"@type":"ReadAction","target":["https:\/\/telehaz.org\/a-telehaz-is-meg-lett-tisztelve-reszvetellel-a-hetvegi-magyar-iskolak-talalkozojan\/"]}]},{"@type":"ImageObject","inLanguage":"mk-MK","@id":"https:\/\/telehaz.org\/a-telehaz-is-meg-lett-tisztelve-reszvetellel-a-hetvegi-magyar-iskolak-talalkozojan\/#primaryimage","url":"https:\/\/telehaz.org\/wp-content\/uploads\/2024\/12\/823ccf47-31ea-4da0-87ea-21e3616a1615.jpg","contentUrl":"https:\/\/telehaz.org\/wp-content\/uploads\/2024\/12\/823ccf47-31ea-4da0-87ea-21e3616a1615.jpg","width":1200,"height":1600},{"@type":"BreadcrumbList","@id":"https:\/\/telehaz.org\/a-telehaz-is-meg-lett-tisztelve-reszvetellel-a-hetvegi-magyar-iskolak-talalkozojan\/#breadcrumb","itemListElement":[{"@type":"ListItem","position":1,"name":"Home","item":"https:\/\/telehaz.org\/"},{"@type":"ListItem","position":2,"name":"A Teleh\u00e1z is meg lett tisztelve r\u00e9szv\u00e9tellel a H\u00e9tv\u00e9gi Magyar Iskol\u00e1k Tal\u00e1lkoz\u00f3j\u00e1n."}]},{"@type":"WebSite","@id":"https:\/\/telehaz.org\/#website","url":"https:\/\/telehaz.org\/","name":"telehaz","description":"","publisher":{"@id":"https:\/\/telehaz.org\/#organization"},"potentialAction":[{"@type":"SearchAction","target":{"@type":"EntryPoint","urlTemplate":"https:\/\/telehaz.org\/?s={search_term_string}"},"query-input":{"@type":"PropertyValueSpecification","valueRequired":true,"valueName":"search_term_string"}}],"inLanguage":"mk-MK"},{"@type":"Organization","@id":"https:\/\/telehaz.org\/#organization","name":"telehaz","url":"https:\/\/telehaz.org\/","logo":{"@type":"ImageObject","inLanguage":"mk-MK","@id":"https:\/\/telehaz.org\/#\/schema\/logo\/image\/","url":"https:\/\/telehaz.org\/wp-content\/uploads\/2026\/03\/cropped-cropped-485774272_1126253836207625_3465147681560552661_n.png","contentUrl":"https:\/\/telehaz.org\/wp-content\/uploads\/2026\/03\/cropped-cropped-485774272_1126253836207625_3465147681560552661_n.png","width":999,"height":572,"caption":"telehaz"},"image":{"@id":"https:\/\/telehaz.org\/#\/schema\/logo\/image\/"}},{"@type":"Person","@id":"https:\/\/telehaz.org\/#\/schema\/person\/dfd50c698a822483e0f049221f1bee57","name":"admin","image":{"@type":"ImageObject","inLanguage":"mk-MK","@id":"https:\/\/telehaz.org\/#\/schema\/person\/image\/","url":"https:\/\/secure.gravatar.com\/avatar\/227210610a467f0e06ab164fc3f27aa6ca723f833203492642da735c56ef12d4?s=96&d=mm&r=g","contentUrl":"https:\/\/secure.gravatar.com\/avatar\/227210610a467f0e06ab164fc3f27aa6ca723f833203492642da735c56ef12d4?s=96&d=mm&r=g","caption":"admin"},"sameAs":["https:\/\/telehaz.org"],"url":"https:\/\/telehaz.org\/mk\/author\/admin\/"}]}},"_links":{"self":[{"href":"https:\/\/telehaz.org\/mk\/wp-json\/wp\/v2\/posts\/462","targetHints":{"allow":["GET"]}}],"collection":[{"href":"https:\/\/telehaz.org\/mk\/wp-json\/wp\/v2\/posts"}],"about":[{"href":"https:\/\/telehaz.org\/mk\/wp-json\/wp\/v2\/types\/post"}],"author":[{"embeddable":true,"href":"https:\/\/telehaz.org\/mk\/wp-json\/wp\/v2\/users\/1"}],"replies":[{"embeddable":true,"href":"https:\/\/telehaz.org\/mk\/wp-json\/wp\/v2\/comments?post=462"}],"version-history":[{"count":1,"href":"https:\/\/telehaz.org\/mk\/wp-json\/wp\/v2\/posts\/462\/revisions"}],"predecessor-version":[{"id":463,"href":"https:\/\/telehaz.org\/mk\/wp-json\/wp\/v2\/posts\/462\/revisions\/463"}],"wp:featuredmedia":[{"embeddable":true,"href":"https:\/\/telehaz.org\/mk\/wp-json\/wp\/v2\/media\/364"}],"wp:attachment":[{"href":"https:\/\/telehaz.org\/mk\/wp-json\/wp\/v2\/media?parent=462"}],"wp:term":[{"taxonomy":"category","embeddable":true,"href":"https:\/\/telehaz.org\/mk\/wp-json\/wp\/v2\/categories?post=462"},{"taxonomy":"post_tag","embeddable":true,"href":"https:\/\/telehaz.org\/mk\/wp-json\/wp\/v2\/tags?post=462"}],"curies":[{"name":"wp","href":"https:\/\/api.w.org\/{rel}","templated":true}]}}